{"id":9668,"date":"2026-03-08T15:43:10","date_gmt":"2026-03-08T14:43:10","guid":{"rendered":"https:\/\/aagy.de\/?p=9668"},"modified":"2026-03-08T15:43:12","modified_gmt":"2026-03-08T14:43:12","slug":"jugendkonferenz-deine-stimme-zaehlt-des-kultusministeriums-erstmals-am-alfred-amann-gymnasium","status":"publish","type":"post","link":"https:\/\/aagy.de\/?p=9668","title":{"rendered":"Jugendkonferenz \u201eDeine Stimme z\u00e4hlt!\u201c des Kultusministeriums erstmals am Alfred-Amann-Gymnasium"},"content":{"rendered":"<p><a href=\"https:\/\/aagy.de\/wp-content\/uploads\/2026\/03\/JK_1.png\"><img decoding=\"async\" src=\"https:\/\/aagy.de\/wp-content\/uploads\/2026\/03\/JK_1.png\" style=\"width:33%\"><\/a><br \/>\n<clear:both><\/p>\n<div style=\"text-align:justify\">Das Alfred-Amann-Gymnasium ist eine von landesweit 150 Schulen, die in diesem Schuljahr den Zuschlag bekommen hat, eine Jugendkonferenz durchzuf\u00fchren. <\/p>\n<p><b>Was sind Jugendkonferenzen?<\/b><br \/>\nDie Jugendkonferenzen sind ein landesweites Beteiligungsformat des Ministeriums fu\u0308r Kultus, Jugend und Sport.<br \/>\nJunge Menschen der Klassenstufe 9 bis zur Jahrgangsstufe diskutieren dabei offen und sagen, was sie umtreibt. Sie erarbeiten Forderungen und Projektvorschl\u00e4ge fu\u0308r die Jugendpolitik vor Ort und im Land.<br \/>\nUnterst\u00fctzt wird das Projekt von der Jugendstiftung Baden-W\u00fcrttemberg.<\/p>\n<p><b>Wann &#038; Wo?<\/b><\/p>\n<ul>\n<li>13.03.2026\n<li>08:00 Uhr\n<li>im Musiksaal Bau III<\/ul>\n<p><b>Wie l\u00e4uft eine Jugendkonferenz ab?<\/b><\/p>\n<ul>\n<li>Ankommen\/Begr\u00fc\u00dfung und Vorstellung\n<li>World-Caf\u00e9\/Thementische zu den Themen: Schule &#038; Bildung, Digitalisierung &#038; KI, Jugendbeteiligung, Wirtschaft &#038; Arbeit\/Beruf, Politik, Sicherheit &#038; Frieden, Demokratie &#038; Staat, &#8230;\n<ul>\n<li>Diskussion im Speed-Caf\u00e9\n<li>Diskussion im Deep-Caf\u00e9<\/ul>\n<li>Ergebnis-Pitch\n<li>Umfrage<\/ul>\n<p><b>Was passiert mit den Ergebnissen?<\/b><br \/>\nDie Ergebnisse aller Jugendkonferenzen im Land werden zusammengetragen und auf der j\u00e4hrlichen Landesjugendkonferenz am Schuljahresende pers\u00f6nlich von Delegierten aller Jugendkonferenzen mit den zust\u00e4ndigen Ministerinnen und Ministern, Landespolitikerinnen und -politikern sowie weiteren Entscheiderinnen und Entscheidern aus der Landespolitik besprochen.<br \/>\nDie Ergebnisse werden ebenfalls an die Schule und die Gemeinde B\u00f6nnigheim weitergegeben.<\/p>\n<p><b>Wir freuen uns auf einen spannenden Tag am AAG mit unseren Sch\u00fclerinnen &#038; Sch\u00fclern und externen G\u00e4sten, Herrn Paul aus dem Kultusministerium, sowie Vertretern der Gemeinde B\u00f6nnigheim! <\/b>\n<\/div>\n<div style=\"text-align:right\"><a href=\"https:\/\/aagy.de\/wp-content\/uploads\/2026\/03\/JK_2.png\"><img decoding=\"async\" src=\"https:\/\/aagy.de\/wp-content\/uploads\/2026\/03\/JK_2.png\" style=\"width:20%; margin: 5px 0px 0px 0px\"><\/a><a href=\"https:\/\/aagy.de\/wp-content\/uploads\/2026\/03\/JK_3.png\"><img decoding=\"async\" src=\"https:\/\/aagy.de\/wp-content\/uploads\/2026\/03\/JK_3.png\" style=\"width:20%; margin: 5px 20px 0px 0px\"><\/a><\/div>\n<div style=\"text-align:right\">Sl\/Au<\/div>\n","protected":false},"excerpt":{"rendered":"<p>Das Alfred-Amann-Gymnasium ist eine von landesweit 150 Schulen, die in diesem Schuljahr den Zuschlag bekommen hat, eine Jugendkonferenz durchzuf\u00fchren. Was sind Jugendkonferenzen? Die Jugendkonferenzen sind ein landesweites Beteiligungsformat des Ministeriums [&hellip;]<\/p>\n","protected":false},"author":468,"featured_media":0,"comment_status":"closed","ping_status":"open","sticky":false,"template":"","format":"standard","meta":{"_uag_custom_page_level_css":"","_EventAllDay":false,"_EventTimezone":"","_EventStartDate":"","_EventEndDate":"","_EventStartDateUTC":"","_EventEndDateUTC":"","_EventShowMap":false,"_EventShowMapLink":false,"_EventURL":"","_EventCost":"","_EventCostDescription":"","_EventCurrencySymbol":"","_EventCurrencyCode":"","_EventCurrencyPosition":"","_EventDateTimeSeparator":"","_EventTimeRangeSeparator":"","_EventOrganizerID":[],"_EventVenueID":[],"_OrganizerEmail":"","_OrganizerPhone":"","_OrganizerWebsite":"","_VenueAddress":"","_VenueCity":"","_VenueCountry":"","_VenueProvince":"","_VenueState":"","_VenueZip":"","_VenuePhone":"","_VenueURL":"","_VenueStateProvince":"","_VenueLat":"","_VenueLng":"","_VenueShowMap":false,"_VenueShowMapLink":false,"_jetpack_memberships_contains_paid_content":false,"footnotes":""},"categories":[1],"tags":[],"class_list":["post-9668","post","type-post","status-publish","format-standard","hentry","category-allgemein"],"blocksy_meta":[],"jetpack_featured_media_url":"","uagb_featured_image_src":{"full":false,"thumbnail":false,"medium":false,"medium_large":false,"large":false,"1536x1536":false,"2048x2048":false},"uagb_author_info":{"display_name":"Daniel Lengwenat","author_link":"https:\/\/aagy.de\/?author=468"},"uagb_comment_info":0,"uagb_excerpt":"Das Alfred-Amann-Gymnasium ist eine von landesweit 150 Schulen, die in diesem Schuljahr den Zuschlag bekommen hat, eine Jugendkonferenz durchzuf\u00fchren. Was sind Jugendkonferenzen? Die Jugendkonferenzen sind ein landesweites Beteiligungsformat des Ministeriums [&hellip;]","jetpack_sharing_enabled":true,"_links":{"self":[{"href":"https:\/\/aagy.de\/index.php?rest_route=\/wp\/v2\/posts\/9668","targetHints":{"allow":["GET"]}}],"collection":[{"href":"https:\/\/aagy.de\/index.php?rest_route=\/wp\/v2\/posts"}],"about":[{"href":"https:\/\/aagy.de\/index.php?rest_route=\/wp\/v2\/types\/post"}],"author":[{"embeddable":true,"href":"https:\/\/aagy.de\/index.php?rest_route=\/wp\/v2\/users\/468"}],"replies":[{"embeddable":true,"href":"https:\/\/aagy.de\/index.php?rest_route=%2Fwp%2Fv2%2Fcomments&post=9668"}],"version-history":[{"count":10,"href":"https:\/\/aagy.de\/index.php?rest_route=\/wp\/v2\/posts\/9668\/revisions"}],"predecessor-version":[{"id":9678,"href":"https:\/\/aagy.de\/index.php?rest_route=\/wp\/v2\/posts\/9668\/revisions\/9678"}],"wp:attachment":[{"href":"https:\/\/aagy.de\/index.php?rest_route=%2Fwp%2Fv2%2Fmedia&parent=9668"}],"wp:term":[{"taxonomy":"category","embeddable":true,"href":"https:\/\/aagy.de\/index.php?rest_route=%2Fwp%2Fv2%2Fcategories&post=9668"},{"taxonomy":"post_tag","embeddable":true,"href":"https:\/\/aagy.de\/index.php?rest_route=%2Fwp%2Fv2%2Ftags&post=9668"}],"curies":[{"name":"wp","href":"https:\/\/api.w.org\/{rel}","templated":true}]}}