{"id":9159,"date":"2025-09-20T12:09:19","date_gmt":"2025-09-20T10:09:19","guid":{"rendered":"https:\/\/aagy.de\/?p=9159"},"modified":"2025-09-20T12:09:21","modified_gmt":"2025-09-20T10:09:21","slug":"musikalische-einstimmung-zum-start-am-alfred-amann-gymnasium","status":"publish","type":"post","link":"https:\/\/aagy.de\/?p=9159","title":{"rendered":"Musikalische Einstimmung zum Start am Alfred-Amann-Gymnasium"},"content":{"rendered":"<div style=\"text-align:justify\">Bei der Einschulungsfeier in der voll besetzten Aula des B\u00f6nnigheimer Alfred-Amann-Gymnasiums erwartete die 98 neuen F\u00fcnftkl\u00e4ssler in diesem Jahr ein besonderer Empfang. Musiklehrerin Karin Kammerer f\u00fchrte mit ihrer Chor-AG das eigens f\u00fcr diese Veranstaltung im letzten Schuljahr einstudierte Musical \u201eDie Traumschule\u201c auf.<br \/>\n<center><a href=\"https:\/\/aagy.de\/wp-content\/uploads\/2025\/09\/1-scaled.jpg\"><img decoding=\"async\" src=\"https:\/\/aagy.de\/wp-content\/uploads\/2025\/09\/1-scaled.jpg\" style=\"width:60%; margin: 5px 3px 5px 0px\"><\/a><\/center><\/p>\n<p>\u201eHeute ist ein besonderer Tag, denn ihr beginnt ein neues Kapitel eurer Schullaufbahn. Es ist ganz normal, dass ihr vielleicht ein wenig aufgeregt seid, das geh\u00f6rt dazu, wenn man neue Wege beschreitet\u201c, so Schulleiter Achim Salomon in seiner Begr\u00fc\u00dfungsrede. Um die Unsicherheit vor der neuen Schule zu nehmen, durchlebten zwei Sch\u00fclerinnen zuvor auf der Musical-B\u00fchne einen \u00e4hnlichen Neustart. Anfangs noch voller Bef\u00fcrchtungen, entdeckten sie, dass Mathematik Spa\u00df machen kann, Geschichte Zeitreisen bedeutet, auch andere F\u00e4cher mehr zu bieten haben als erwartet und dass man neben dem Unterrichtsstoff auch wichtige Dinge f\u00fcrs Leben lernt. Beim erneuten Zusammentreffen 40 Jahre sp\u00e4ter tauschten sie sich mit ihrer ehemaligen Klasse in einem der von drei Liedern eingerahmten Schauspiele \u00fcber die positiven Erlebnisse ihrer gemeinsamen Schulzeit aus.<\/p>\n<p>Dass nicht nur die Kinder beim neuen Lebensabschnitt ein mulmiges Gef\u00fchl plagt, griff Elternbeiratsvorsitzende Carola Walter in ihrer Ansprache auf: \u201eWir Eltern m\u00fcssen lernen loszulassen\u201c, fasste sie ihre eigenen Erfahrungen und die vieler Anwesenden zusammen. Matthias Probst wies als Vorsitzender des F\u00f6rdervereins auf die Bedeutung einer Mitgliedschaft hin, mit deren Hilfe jedes Jahr viele Sch\u00fcler bei Schulaktivit\u00e4ten finanziell unterst\u00fctzt und Projekte umgesetzt werden k\u00f6nnen. Schulsozialarbeiterin Katharina Stuber stellte ebenfalls ihre Arbeit am Alfred-Amann-Gymnasium vor.<\/p>\n<p>Auch das Sch\u00fclersprecherteam der SMV hie\u00df die neuen F\u00fcnftkl\u00e4ssler willkommen und bot sich an, bei Fragen und W\u00fcnschen jederzeit ansprechbar zu sein. \u201eWir am AAG sind alle kleine W\u00f6lfe, und unser Papa ist der Alfi\u201c, leiteten die drei zum Schulmaskottchen \u00fcber, dem die frischgebackenen AAGler auf dem Weg in ihre Klassenzimmer noch Highfive geben durften:<br \/>\n<center><a href=\"https:\/\/aagy.de\/wp-content\/uploads\/2025\/09\/5-scaled.jpg\"><img decoding=\"async\" src=\"https:\/\/aagy.de\/wp-content\/uploads\/2025\/09\/5-scaled.jpg\" style=\"width: 33%\"><\/a><\/center>\n<\/div>\n<div style=\"text-align:right\">Kl<\/div>\n","protected":false},"excerpt":{"rendered":"<p>Bei der Einschulungsfeier in der voll besetzten Aula des B\u00f6nnigheimer Alfred-Amann-Gymnasiums erwartete die 98 neuen F\u00fcnftkl\u00e4ssler in diesem Jahr ein besonderer Empfang. Musiklehrerin Karin Kammerer f\u00fchrte mit ihrer Chor-AG das [&hellip;]<\/p>\n","protected":false},"author":468,"featured_media":0,"comment_status":"closed","ping_status":"open","sticky":false,"template":"","format":"standard","meta":{"_uag_custom_page_level_css":"","_EventAllDay":false,"_EventTimezone":"","_EventStartDate":"","_EventEndDate":"","_EventStartDateUTC":"","_EventEndDateUTC":"","_EventShowMap":false,"_EventShowMapLink":false,"_EventURL":"","_EventCost":"","_EventCostDescription":"","_EventCurrencySymbol":"","_EventCurrencyCode":"","_EventCurrencyPosition":"","_EventDateTimeSeparator":"","_EventTimeRangeSeparator":"","_EventOrganizerID":[],"_EventVenueID":[],"_OrganizerEmail":"","_OrganizerPhone":"","_OrganizerWebsite":"","_VenueAddress":"","_VenueCity":"","_VenueCountry":"","_VenueProvince":"","_VenueState":"","_VenueZip":"","_VenuePhone":"","_VenueURL":"","_VenueStateProvince":"","_VenueLat":"","_VenueLng":"","_VenueShowMap":false,"_VenueShowMapLink":false,"_jetpack_memberships_contains_paid_content":false,"footnotes":""},"categories":[1],"tags":[],"class_list":["post-9159","post","type-post","status-publish","format-standard","hentry","category-allgemein"],"blocksy_meta":[],"jetpack_featured_media_url":"","uagb_featured_image_src":{"full":false,"thumbnail":false,"medium":false,"medium_large":false,"large":false,"1536x1536":false,"2048x2048":false},"uagb_author_info":{"display_name":"Daniel Lengwenat","author_link":"https:\/\/aagy.de\/?author=468"},"uagb_comment_info":0,"uagb_excerpt":"Bei der Einschulungsfeier in der voll besetzten Aula des B\u00f6nnigheimer Alfred-Amann-Gymnasiums erwartete die 98 neuen F\u00fcnftkl\u00e4ssler in diesem Jahr ein besonderer Empfang. Musiklehrerin Karin Kammerer f\u00fchrte mit ihrer Chor-AG das [&hellip;]","jetpack_sharing_enabled":true,"_links":{"self":[{"href":"https:\/\/aagy.de\/index.php?rest_route=\/wp\/v2\/posts\/9159","targetHints":{"allow":["GET"]}}],"collection":[{"href":"https:\/\/aagy.de\/index.php?rest_route=\/wp\/v2\/posts"}],"about":[{"href":"https:\/\/aagy.de\/index.php?rest_route=\/wp\/v2\/types\/post"}],"author":[{"embeddable":true,"href":"https:\/\/aagy.de\/index.php?rest_route=\/wp\/v2\/users\/468"}],"replies":[{"embeddable":true,"href":"https:\/\/aagy.de\/index.php?rest_route=%2Fwp%2Fv2%2Fcomments&post=9159"}],"version-history":[{"count":2,"href":"https:\/\/aagy.de\/index.php?rest_route=\/wp\/v2\/posts\/9159\/revisions"}],"predecessor-version":[{"id":9162,"href":"https:\/\/aagy.de\/index.php?rest_route=\/wp\/v2\/posts\/9159\/revisions\/9162"}],"wp:attachment":[{"href":"https:\/\/aagy.de\/index.php?rest_route=%2Fwp%2Fv2%2Fmedia&parent=9159"}],"wp:term":[{"taxonomy":"category","embeddable":true,"href":"https:\/\/aagy.de\/index.php?rest_route=%2Fwp%2Fv2%2Fcategories&post=9159"},{"taxonomy":"post_tag","embeddable":true,"href":"https:\/\/aagy.de\/index.php?rest_route=%2Fwp%2Fv2%2Ftags&post=9159"}],"curies":[{"name":"wp","href":"https:\/\/api.w.org\/{rel}","templated":true}]}}