{"id":1457,"date":"2016-08-02T16:08:08","date_gmt":"2016-08-02T14:08:08","guid":{"rendered":"http:\/\/www.aagy.de\/wp\/?p=1457"},"modified":"2016-08-13T19:10:47","modified_gmt":"2016-08-13T17:10:47","slug":"kampf-der-giganten-schueler-gewinnen-standesgemaess-gegen-ihre-lehrer","status":"publish","type":"post","link":"https:\/\/aagy.de\/?p=1457","title":{"rendered":"Kampf der Giganten: Sch\u00fcler gewinnen standesgem\u00e4\u00df gegen ihre Lehrer"},"content":{"rendered":"<p>Allj\u00e4hrlicher H\u00f6hepunkt des sich zu Ende neigenden Schuljahres ist die Veranstaltung, die von den Mitgliedern der Sch\u00fclermitverantwortung (SMV) des Alfred-Amann-Gymnasiums B\u00f6nnigheim vorbereitet wurde.<\/p>\n<figure id=\"attachment_1458\" aria-describedby=\"caption-attachment-1458\" style=\"width: 350px\" class=\"wp-caption alignright\"><a href=\"https:\/\/www.aagy.de\/wp-content\/uploads\/2016\/08\/Klatschen-e1470146869641.jpg\" rel=\"attachment wp-att-1458\"><img loading=\"lazy\" decoding=\"async\" class=\"wp-image-1458 size-full\" src=\"https:\/\/www.aagy.de\/wp-content\/uploads\/2016\/08\/Klatschen-e1470146869641.jpg\" alt=\"\" width=\"350\" height=\"263\" \/><\/a><figcaption id=\"caption-attachment-1458\" class=\"wp-caption-text\">Sch\u00fclerinnen und Sch\u00fcler beim Island-Klatschen<\/figcaption><\/figure>\n<p>Die gesamte Sch\u00fcler- und Lehrerschaft versammelte sich in der Sporthalle und wurde von den Sch\u00fclersprechern Celine Richter und Christoph Herre begr\u00fc\u00dft. Eine gute Gelegenheit auch, um Sch\u00fclerinnen und Sch\u00fcler zu ehren, die sich im ablaufenden Schuljahr besonders hervor getan haben: Beste Zeugnisschnitte, beste Tagebuchf\u00fchrung und besonderes soziales Engagement. Den Sonderpreis des F\u00f6rdervereins des Gymnasiums erhielt Michelle Baral f\u00fcr ihren besonderen Einsatz in der SMV-Arbeit. Die frisch gebackenen Sport-Sch\u00fclermentorinnen Marina Utzmann und Maren Beck erhielten ihre Urkunden aus den H\u00e4nden von Schulleiter Achim Salomon.<\/p>\n<p>Die Veranstaltung war auch eine hervorragende f\u00fcr den nepalesischen Lehrer Jay Prakash Pal, der es sich nicht nehmen lie\u00df, Dankesworte anl\u00e4sslich der von den AAG-Sch\u00fclern im Rahmen eines Spendenlaufes gesammelten Gelder zu entrichten.<\/p>\n<p>Danach fieberten alle Zuschauer dem \u201eKampf der Giganten\u201c entgegen, in dem in einem Fu\u00dfballspiel Sch\u00fcler gegen Lehrer antraten. Eingestimmt wurden alle mit dem \u201eIsland-Ruf\u201c, bei dem alle Zuschauer mit Trommel und Handklatschen mitmachten. Der Ausgang des Spieles war wie in den letzten Jahren. Nach zwei Standardsituationen f\u00fchrten die Sch\u00fcler schnell 2:0, die Tore schossen dabei Dustin Weigel und Tim Beckbissinger. Nach einer zwischenzeitlichen \u00a0Ergebnisverk\u00fcrzung, Torsch\u00fctze war Achim Salomon, sprang nach Toren von Moritz Schwarz und Charly Beye der ungef\u00e4hrdete 4:1-Sieg heraus. Die Serie hielt also f\u00fcr die Sch\u00fcler, aber die Lehrer gaben bekannt, es im n\u00e4chsten Schuljahr erneut versuchen zu wollen. Trikot-Hauptsponsor der Sch\u00fcler war \u00fcbrigens Gotthilf Elser, der zum Ende des Schuljahres in den Ruhestand geht.<\/p>\n<p>(Ef)<\/p>\n","protected":false},"excerpt":{"rendered":"<p>Allj\u00e4hrlicher H\u00f6hepunkt des sich zu Ende neigenden Schuljahres ist die Veranstaltung, die von den Mitgliedern der Sch\u00fclermitverantwortung (SMV) des Alfred-Amann-Gymnasiums B\u00f6nnigheim vorbereitet wurde. Die gesamte Sch\u00fcler- und Lehrerschaft versammelte sich [&hellip;]<\/p>\n","protected":false},"author":1,"featured_media":0,"comment_status":"closed","ping_status":"open","sticky":false,"template":"","format":"standard","meta":{"_uag_custom_page_level_css":"","_EventAllDay":false,"_EventTimezone":"","_EventStartDate":"","_EventEndDate":"","_EventStartDateUTC":"","_EventEndDateUTC":"","_EventShowMap":false,"_EventShowMapLink":false,"_EventURL":"","_EventCost":"","_EventCostDescription":"","_EventCurrencySymbol":"","_EventCurrencyCode":"","_EventCurrencyPosition":"","_EventDateTimeSeparator":"","_EventTimeRangeSeparator":"","_EventOrganizerID":[],"_EventVenueID":[],"_OrganizerEmail":"","_OrganizerPhone":"","_OrganizerWebsite":"","_VenueAddress":"","_VenueCity":"","_VenueCountry":"","_VenueProvince":"","_VenueState":"","_VenueZip":"","_VenuePhone":"","_VenueURL":"","_VenueStateProvince":"","_VenueLat":"","_VenueLng":"","_VenueShowMap":false,"_VenueShowMapLink":false,"_jetpack_memberships_contains_paid_content":false,"footnotes":""},"categories":[1,4],"tags":[],"class_list":["post-1457","post","type-post","status-publish","format-standard","hentry","category-allgemein","category-smv"],"blocksy_meta":{"styles_descriptor":{"styles":{"desktop":"","tablet":"","mobile":""},"google_fonts":[],"version":6}},"jetpack_featured_media_url":"","uagb_featured_image_src":{"full":false,"thumbnail":false,"medium":false,"medium_large":false,"large":false,"1536x1536":false,"2048x2048":false},"uagb_author_info":{"display_name":"admin","author_link":"https:\/\/aagy.de\/?author=1"},"uagb_comment_info":0,"uagb_excerpt":"Allj\u00e4hrlicher H\u00f6hepunkt des sich zu Ende neigenden Schuljahres ist die Veranstaltung, die von den Mitgliedern der Sch\u00fclermitverantwortung (SMV) des Alfred-Amann-Gymnasiums B\u00f6nnigheim vorbereitet wurde. Die gesamte Sch\u00fcler- und Lehrerschaft versammelte sich [&hellip;]","jetpack_sharing_enabled":true,"_links":{"self":[{"href":"https:\/\/aagy.de\/index.php?rest_route=\/wp\/v2\/posts\/1457","targetHints":{"allow":["GET"]}}],"collection":[{"href":"https:\/\/aagy.de\/index.php?rest_route=\/wp\/v2\/posts"}],"about":[{"href":"https:\/\/aagy.de\/index.php?rest_route=\/wp\/v2\/types\/post"}],"author":[{"embeddable":true,"href":"https:\/\/aagy.de\/index.php?rest_route=\/wp\/v2\/users\/1"}],"replies":[{"embeddable":true,"href":"https:\/\/aagy.de\/index.php?rest_route=%2Fwp%2Fv2%2Fcomments&post=1457"}],"version-history":[{"count":5,"href":"https:\/\/aagy.de\/index.php?rest_route=\/wp\/v2\/posts\/1457\/revisions"}],"predecessor-version":[{"id":1484,"href":"https:\/\/aagy.de\/index.php?rest_route=\/wp\/v2\/posts\/1457\/revisions\/1484"}],"wp:attachment":[{"href":"https:\/\/aagy.de\/index.php?rest_route=%2Fwp%2Fv2%2Fmedia&parent=1457"}],"wp:term":[{"taxonomy":"category","embeddable":true,"href":"https:\/\/aagy.de\/index.php?rest_route=%2Fwp%2Fv2%2Fcategories&post=1457"},{"taxonomy":"post_tag","embeddable":true,"href":"https:\/\/aagy.de\/index.php?rest_route=%2Fwp%2Fv2%2Ftags&post=1457"}],"curies":[{"name":"wp","href":"https:\/\/api.w.org\/{rel}","templated":true}]}}